
			
				

					
				

			
		{"items":"\n\t\t\t\t\t\t\t\t\t\t\t\n<article id=\"post-13143\" class=\"wd-post blog-design-chess blog-post-loop blog-design-small-images blog-style-bg wd-add-shadow wd-col post-13143 post type-post status-publish format-standard has-post-thumbnail hentry category-dicas-frz tag-apartamentos tag-seguranca\">\n\t<div class=\"article-inner\">\n\t\t<header class=\"entry-header\">\n\t\t\t\t\t\t\t<figure class=\"entry-thumbnail\">\n\t\t\t\t\t\t\t\t\t\t\t<div class=\"post-img-wrapp\">\n\t\t\t\t\t\t\t<a href=\"https:\/\/franzolin.eng.br\/como-aumentar-a-seguranca-do-seu-apartamento-veja-6-dicas\/\">\n\t\t\t\t\t\t\t\t<img width=\"1024\" height=\"683\" src=\"https:\/\/franzolin.eng.br\/wp-content\/uploads\/2025\/07\/jakub-zerdzicki-UBIqmkNE96M-unsplash-1024x683.jpg\" class=\"attachment-large size-large\" alt=\"\" decoding=\"async\" srcset=\"https:\/\/franzolin.eng.br\/wp-content\/uploads\/2025\/07\/jakub-zerdzicki-UBIqmkNE96M-unsplash-1024x683.jpg 1024w, https:\/\/franzolin.eng.br\/wp-content\/uploads\/2025\/07\/jakub-zerdzicki-UBIqmkNE96M-unsplash-300x200.jpg 300w, https:\/\/franzolin.eng.br\/wp-content\/uploads\/2025\/07\/jakub-zerdzicki-UBIqmkNE96M-unsplash-768x512.jpg 768w, https:\/\/franzolin.eng.br\/wp-content\/uploads\/2025\/07\/jakub-zerdzicki-UBIqmkNE96M-unsplash-1536x1025.jpg 1536w, https:\/\/franzolin.eng.br\/wp-content\/uploads\/2025\/07\/jakub-zerdzicki-UBIqmkNE96M-unsplash-2048x1366.jpg 2048w\" sizes=\"(max-width: 1024px) 100vw, 1024px\" \/>\t\t\t\t\t\t\t<\/a>\n\t\t\t\t\t\t<\/div>\n\t\t\t\t\t\t<div class=\"post-image-mask\">\n\t\t\t\t\t\t\t<span><\/span>\n\t\t\t\t\t\t<\/div>\n\t\t\t\t\t\t\t\t\t<\/figure>\n\t\t\t\n\t\t\t\t\t\t<div class=\"wd-post-date wd-style-with-bg\">\n\t\t\t\t<span class=\"post-date-day\">\n\t\t\t\t\t22\t\t\t\t<\/span>\n\t\t\t\t<span class=\"post-date-month\">\n\t\t\t\t\tjul\t\t\t\t<\/span>\n\t\t\t<\/div>\n\t\t\t\t<\/header>\n\n\t\t<div class=\"article-body-container\">\n\t\t\t\t\t\t\t<div class=\"meta-categories-wrapp\">\n\t\t\t\t\t<div class=\"meta-post-categories wd-post-cat wd-style-with-bg\">\n\t\t\t\t\t\t<a href=\"https:\/\/franzolin.eng.br\/category\/dicas-frz\/\" rel=\"category tag\">Dicas FRZ<\/a>\t\t\t\t\t<\/div>\n\t\t\t\t<\/div>\n\t\t\t\n\t\t\t\t\t\t\t<h3 class=\"wd-entities-title title post-title\">\n\t\t\t\t\t<a href=\"https:\/\/franzolin.eng.br\/como-aumentar-a-seguranca-do-seu-apartamento-veja-6-dicas\/\" rel=\"bookmark\">Como aumentar a seguran\u00e7a do seu apartamento? Veja 6 dicas<\/a>\n\t\t\t\t<\/h3>\n\t\t\t\n\t\t\t\t\t\t\t<div class=\"entry-meta wd-entry-meta\">\n\t\t\t\t\t\t\t\t<ul class=\"entry-meta-list\">\n\t\t\t\t\t\t\t\t\t<li class=\"modified-date\">\n\t\t\t\t\t\t\t\t<time class=\"updated\" datetime=\"2026-05-11T09:38:19-03:00\">\n\t\t\t11 de maio de 2026\t\t<\/time>\n\t\t\t\t\t\t\t<\/li>\n\n\t\t\t\t\t\n\t\t\t\t\t\t\t\t\t\t\t<li class=\"meta-author\">\n\t\t\t\t\t\t\t\t\t\t\t\t<span>By<\/span>\n\t\t\n\t\t\t\t\t<img alt='author-avatar' src='https:\/\/secure.gravatar.com\/avatar\/1417bfe828ec9d1d27aa27b23d89291e12ce21771b97938dbee560a0ce49fa1b?s=32&#038;d=mm&#038;r=g' srcset='https:\/\/secure.gravatar.com\/avatar\/1417bfe828ec9d1d27aa27b23d89291e12ce21771b97938dbee560a0ce49fa1b?s=64&#038;d=mm&#038;r=g 2x' class='avatar avatar-32 photo' height='32' width='32' decoding='async'\/>\t\t\n\t\t<a href=\"https:\/\/franzolin.eng.br\/author\/admin\/\" class=\"author\" rel=\"author\">admin<\/a>\n\t\t\t\t\t\t\t\t<\/li>\n\t\t\t\t\t\n\t\t\t\t\t\n\t\t\t\t\t\t\t\t\t\t\t<li class=\"meta-reply\">\n\t\t\t\t\t\t\t<a href=\"https:\/\/franzolin.eng.br\/como-aumentar-a-seguranca-do-seu-apartamento-veja-6-dicas\/#respond\"><span class=\"replies-count\">0<\/span> <span class=\"replies-count-label\">comments<\/span><\/a>\t\t\t\t\t\t<\/li>\n\t\t\t\t\t\t\t\t\t\t\t\t<\/ul>\n\t\t\t\t\t\t<\/div>\n\t\t\t\t\t\t\t\n\t\t\t\t\t\t\t\t\t\t\t\t<div class=\"entry-content wd-post-desc\">\n\t\t\t\t\t\tA seguran\u00e7a em apartamentos pode ser refor\u00e7ada com o uso de alarmes, fechaduras eletr\u00f4nicas, c\u00e2meras de vigil\u00e2ncia, travas auxiliares e...\t\t\t\t\t<\/div>\n\t\t\t\t\n\t\t\t\t\t\t\t\t\t\t\t\t\t\t<p class=\"read-more-section\">\n\t\t\t\t\t\t<a class=\"btn-read-more more-link\" href=\"https:\/\/franzolin.eng.br\/como-aumentar-a-seguranca-do-seu-apartamento-veja-6-dicas\/\">Continue reading<\/a>\t\t\t\t\t<\/p>\n\t\t\t\t\t\t\t\t\t\t\t\t\t<\/div>\n\t<\/div>\n<\/article>\n\n\t\t\t\t\t\t\t\t\t\t\t\n<article id=\"post-13140\" class=\"wd-post blog-design-chess blog-post-loop blog-design-small-images blog-style-bg wd-add-shadow wd-col post-13140 post type-post status-publish format-standard has-post-thumbnail hentry category-arquitetura-lifestyle tag-apartamento tag-flat tag-loft tag-studio\">\n\t<div class=\"article-inner\">\n\t\t<header class=\"entry-header\">\n\t\t\t\t\t\t\t<figure class=\"entry-thumbnail\">\n\t\t\t\t\t\t\t\t\t\t\t<div class=\"post-img-wrapp\">\n\t\t\t\t\t\t\t<a href=\"https:\/\/franzolin.eng.br\/qual-e-a-diferenca-entre-apartamento-studio-loft-e-flat-conheca-cada-tipo-de-imovel\/\">\n\t\t\t\t\t\t\t\t<img width=\"1024\" height=\"768\" src=\"https:\/\/franzolin.eng.br\/wp-content\/uploads\/2025\/06\/Varanda-Gourmet_Ethos_Hall_FRZ-1024x768.jpg\" class=\"attachment-large size-large\" alt=\"\" decoding=\"async\" srcset=\"https:\/\/franzolin.eng.br\/wp-content\/uploads\/2025\/06\/Varanda-Gourmet_Ethos_Hall_FRZ-1024x768.jpg 1024w, https:\/\/franzolin.eng.br\/wp-content\/uploads\/2025\/06\/Varanda-Gourmet_Ethos_Hall_FRZ-300x225.jpg 300w, https:\/\/franzolin.eng.br\/wp-content\/uploads\/2025\/06\/Varanda-Gourmet_Ethos_Hall_FRZ-768x576.jpg 768w, https:\/\/franzolin.eng.br\/wp-content\/uploads\/2025\/06\/Varanda-Gourmet_Ethos_Hall_FRZ-1536x1152.jpg 1536w, https:\/\/franzolin.eng.br\/wp-content\/uploads\/2025\/06\/Varanda-Gourmet_Ethos_Hall_FRZ-2048x1536.jpg 2048w\" sizes=\"(max-width: 1024px) 100vw, 1024px\" \/>\t\t\t\t\t\t\t<\/a>\n\t\t\t\t\t\t<\/div>\n\t\t\t\t\t\t<div class=\"post-image-mask\">\n\t\t\t\t\t\t\t<span><\/span>\n\t\t\t\t\t\t<\/div>\n\t\t\t\t\t\t\t\t\t<\/figure>\n\t\t\t\n\t\t\t\t\t\t<div class=\"wd-post-date wd-style-with-bg\">\n\t\t\t\t<span class=\"post-date-day\">\n\t\t\t\t\t15\t\t\t\t<\/span>\n\t\t\t\t<span class=\"post-date-month\">\n\t\t\t\t\tjul\t\t\t\t<\/span>\n\t\t\t<\/div>\n\t\t\t\t<\/header>\n\n\t\t<div class=\"article-body-container\">\n\t\t\t\t\t\t\t<div class=\"meta-categories-wrapp\">\n\t\t\t\t\t<div class=\"meta-post-categories wd-post-cat wd-style-with-bg\">\n\t\t\t\t\t\t<a href=\"https:\/\/franzolin.eng.br\/category\/arquitetura-lifestyle\/\" rel=\"category tag\">Arquitetura &amp; Lifestyle<\/a>\t\t\t\t\t<\/div>\n\t\t\t\t<\/div>\n\t\t\t\n\t\t\t\t\t\t\t<h3 class=\"wd-entities-title title post-title\">\n\t\t\t\t\t<a href=\"https:\/\/franzolin.eng.br\/qual-e-a-diferenca-entre-apartamento-studio-loft-e-flat-conheca-cada-tipo-de-imovel\/\" rel=\"bookmark\">Qual \u00e9 a diferen\u00e7a entre apartamento, studio, loft e flat? Conhe\u00e7a cada tipo de im\u00f3vel<\/a>\n\t\t\t\t<\/h3>\n\t\t\t\n\t\t\t\t\t\t\t<div class=\"entry-meta wd-entry-meta\">\n\t\t\t\t\t\t\t\t<ul class=\"entry-meta-list\">\n\t\t\t\t\t\t\t\t\t<li class=\"modified-date\">\n\t\t\t\t\t\t\t\t<time class=\"updated\" datetime=\"2025-07-15T10:20:56-03:00\">\n\t\t\t15 de julho de 2025\t\t<\/time>\n\t\t\t\t\t\t\t<\/li>\n\n\t\t\t\t\t\n\t\t\t\t\t\t\t\t\t\t\t<li class=\"meta-author\">\n\t\t\t\t\t\t\t\t\t\t\t\t<span>By<\/span>\n\t\t\n\t\t\t\t\t<img alt='author-avatar' src='https:\/\/secure.gravatar.com\/avatar\/1417bfe828ec9d1d27aa27b23d89291e12ce21771b97938dbee560a0ce49fa1b?s=32&#038;d=mm&#038;r=g' srcset='https:\/\/secure.gravatar.com\/avatar\/1417bfe828ec9d1d27aa27b23d89291e12ce21771b97938dbee560a0ce49fa1b?s=64&#038;d=mm&#038;r=g 2x' class='avatar avatar-32 photo' height='32' width='32' decoding='async'\/>\t\t\n\t\t<a href=\"https:\/\/franzolin.eng.br\/author\/admin\/\" class=\"author\" rel=\"author\">admin<\/a>\n\t\t\t\t\t\t\t\t<\/li>\n\t\t\t\t\t\n\t\t\t\t\t\n\t\t\t\t\t\t\t\t\t\t\t<li class=\"meta-reply\">\n\t\t\t\t\t\t\t<a href=\"https:\/\/franzolin.eng.br\/qual-e-a-diferenca-entre-apartamento-studio-loft-e-flat-conheca-cada-tipo-de-imovel\/#respond\"><span class=\"replies-count\">0<\/span> <span class=\"replies-count-label\">comments<\/span><\/a>\t\t\t\t\t\t<\/li>\n\t\t\t\t\t\t\t\t\t\t\t\t<\/ul>\n\t\t\t\t\t\t<\/div>\n\t\t\t\t\t\t\t\n\t\t\t\t\t\t\t\t\t\t\t\t<div class=\"entry-content wd-post-desc\">\n\t\t\t\t\t\tEscolher o im\u00f3vel ideal envolve entender claramente as diferen\u00e7as entre os tipos mais comuns dispon\u00edveis no mercado imobili\u00e1rio: aparta...\t\t\t\t\t<\/div>\n\t\t\t\t\n\t\t\t\t\t\t\t\t\t\t\t\t\t\t<p class=\"read-more-section\">\n\t\t\t\t\t\t<a class=\"btn-read-more more-link\" href=\"https:\/\/franzolin.eng.br\/qual-e-a-diferenca-entre-apartamento-studio-loft-e-flat-conheca-cada-tipo-de-imovel\/\">Continue reading<\/a>\t\t\t\t\t<\/p>\n\t\t\t\t\t\t\t\t\t\t\t\t\t<\/div>\n\t<\/div>\n<\/article>\n\n\t\t\t\t\t\t\t\t\t\t\t\n<article id=\"post-13137\" class=\"wd-post blog-design-chess blog-post-loop blog-design-small-images blog-style-bg wd-add-shadow wd-col post-13137 post type-post status-publish format-standard has-post-thumbnail hentry category-construcao\">\n\t<div class=\"article-inner\">\n\t\t<header class=\"entry-header\">\n\t\t\t\t\t\t\t<figure class=\"entry-thumbnail\">\n\t\t\t\t\t\t\t\t\t\t\t<div class=\"post-img-wrapp\">\n\t\t\t\t\t\t\t<a href=\"https:\/\/franzolin.eng.br\/o-que-e-rgi-entenda-como-funciona-o-registro-geral-de-imoveis\/\">\n\t\t\t\t\t\t\t\t<img width=\"1024\" height=\"769\" src=\"https:\/\/franzolin.eng.br\/wp-content\/uploads\/2025\/07\/tierra-mallorca-rgJ1J8SDEAY-unsplash-1024x769.jpg\" class=\"attachment-large size-large\" alt=\"\" decoding=\"async\" srcset=\"https:\/\/franzolin.eng.br\/wp-content\/uploads\/2025\/07\/tierra-mallorca-rgJ1J8SDEAY-unsplash-1024x769.jpg 1024w, https:\/\/franzolin.eng.br\/wp-content\/uploads\/2025\/07\/tierra-mallorca-rgJ1J8SDEAY-unsplash-300x225.jpg 300w, https:\/\/franzolin.eng.br\/wp-content\/uploads\/2025\/07\/tierra-mallorca-rgJ1J8SDEAY-unsplash-768x577.jpg 768w, https:\/\/franzolin.eng.br\/wp-content\/uploads\/2025\/07\/tierra-mallorca-rgJ1J8SDEAY-unsplash-1536x1153.jpg 1536w, https:\/\/franzolin.eng.br\/wp-content\/uploads\/2025\/07\/tierra-mallorca-rgJ1J8SDEAY-unsplash-2048x1538.jpg 2048w\" sizes=\"(max-width: 1024px) 100vw, 1024px\" \/>\t\t\t\t\t\t\t<\/a>\n\t\t\t\t\t\t<\/div>\n\t\t\t\t\t\t<div class=\"post-image-mask\">\n\t\t\t\t\t\t\t<span><\/span>\n\t\t\t\t\t\t<\/div>\n\t\t\t\t\t\t\t\t\t<\/figure>\n\t\t\t\n\t\t\t\t\t\t<div class=\"wd-post-date wd-style-with-bg\">\n\t\t\t\t<span class=\"post-date-day\">\n\t\t\t\t\t08\t\t\t\t<\/span>\n\t\t\t\t<span class=\"post-date-month\">\n\t\t\t\t\tjul\t\t\t\t<\/span>\n\t\t\t<\/div>\n\t\t\t\t<\/header>\n\n\t\t<div class=\"article-body-container\">\n\t\t\t\t\t\t\t<div class=\"meta-categories-wrapp\">\n\t\t\t\t\t<div class=\"meta-post-categories wd-post-cat wd-style-with-bg\">\n\t\t\t\t\t\t<a href=\"https:\/\/franzolin.eng.br\/category\/construcao\/\" rel=\"category tag\">Constru\u00e7\u00e3o<\/a>\t\t\t\t\t<\/div>\n\t\t\t\t<\/div>\n\t\t\t\n\t\t\t\t\t\t\t<h3 class=\"wd-entities-title title post-title\">\n\t\t\t\t\t<a href=\"https:\/\/franzolin.eng.br\/o-que-e-rgi-entenda-como-funciona-o-registro-geral-de-imoveis\/\" rel=\"bookmark\">O que \u00e9 RGI? Entenda como funciona o Registro Geral de Im\u00f3veis<\/a>\n\t\t\t\t<\/h3>\n\t\t\t\n\t\t\t\t\t\t\t<div class=\"entry-meta wd-entry-meta\">\n\t\t\t\t\t\t\t\t<ul class=\"entry-meta-list\">\n\t\t\t\t\t\t\t\t\t<li class=\"modified-date\">\n\t\t\t\t\t\t\t\t<time class=\"updated\" datetime=\"2025-07-08T09:54:15-03:00\">\n\t\t\t8 de julho de 2025\t\t<\/time>\n\t\t\t\t\t\t\t<\/li>\n\n\t\t\t\t\t\n\t\t\t\t\t\t\t\t\t\t\t<li class=\"meta-author\">\n\t\t\t\t\t\t\t\t\t\t\t\t<span>By<\/span>\n\t\t\n\t\t\t\t\t<img alt='author-avatar' src='https:\/\/secure.gravatar.com\/avatar\/1417bfe828ec9d1d27aa27b23d89291e12ce21771b97938dbee560a0ce49fa1b?s=32&#038;d=mm&#038;r=g' srcset='https:\/\/secure.gravatar.com\/avatar\/1417bfe828ec9d1d27aa27b23d89291e12ce21771b97938dbee560a0ce49fa1b?s=64&#038;d=mm&#038;r=g 2x' class='avatar avatar-32 photo' height='32' width='32' decoding='async'\/>\t\t\n\t\t<a href=\"https:\/\/franzolin.eng.br\/author\/admin\/\" class=\"author\" rel=\"author\">admin<\/a>\n\t\t\t\t\t\t\t\t<\/li>\n\t\t\t\t\t\n\t\t\t\t\t\n\t\t\t\t\t\t\t\t\t\t\t<li class=\"meta-reply\">\n\t\t\t\t\t\t\t<a href=\"https:\/\/franzolin.eng.br\/o-que-e-rgi-entenda-como-funciona-o-registro-geral-de-imoveis\/#respond\"><span class=\"replies-count\">0<\/span> <span class=\"replies-count-label\">comments<\/span><\/a>\t\t\t\t\t\t<\/li>\n\t\t\t\t\t\t\t\t\t\t\t\t<\/ul>\n\t\t\t\t\t\t<\/div>\n\t\t\t\t\t\t\t\n\t\t\t\t\t\t\t\t\t\t\t\t<div class=\"entry-content wd-post-desc\">\n\t\t\t\t\t\tO RGI (Registro Geral de Im\u00f3veis) \u00e9 um sistema p\u00fablico mantido por cart\u00f3rios que registra a situa\u00e7\u00e3o jur\u00eddica de im\u00f3veis no Brasil. Ele...\t\t\t\t\t<\/div>\n\t\t\t\t\n\t\t\t\t\t\t\t\t\t\t\t\t\t\t<p class=\"read-more-section\">\n\t\t\t\t\t\t<a class=\"btn-read-more more-link\" href=\"https:\/\/franzolin.eng.br\/o-que-e-rgi-entenda-como-funciona-o-registro-geral-de-imoveis\/\">Continue reading<\/a>\t\t\t\t\t<\/p>\n\t\t\t\t\t\t\t\t\t\t\t\t\t<\/div>\n\t<\/div>\n<\/article>\n\n\t\t\t\t\t\t\t\t\t\t\t\n<article id=\"post-13126\" class=\"wd-post blog-design-chess blog-post-loop blog-design-small-images blog-style-bg wd-add-shadow wd-col post-13126 post type-post status-publish format-standard has-post-thumbnail hentry category-arquitetura-lifestyle\">\n\t<div class=\"article-inner\">\n\t\t<header class=\"entry-header\">\n\t\t\t\t\t\t\t<figure class=\"entry-thumbnail\">\n\t\t\t\t\t\t\t\t\t\t\t<div class=\"post-img-wrapp\">\n\t\t\t\t\t\t\t<a href=\"https:\/\/franzolin.eng.br\/o-que-e-rooftop-conheca-o-espaco-comum-em-empreendimentos-de-alto-padrao\/\">\n\t\t\t\t\t\t\t\t<img width=\"1024\" height=\"576\" src=\"https:\/\/franzolin.eng.br\/wp-content\/uploads\/2025\/07\/7-FRZ-ATON-HOME-PISCINA-1024x576.jpg\" class=\"attachment-large size-large\" alt=\"\" decoding=\"async\" srcset=\"https:\/\/franzolin.eng.br\/wp-content\/uploads\/2025\/07\/7-FRZ-ATON-HOME-PISCINA-1024x576.jpg 1024w, https:\/\/franzolin.eng.br\/wp-content\/uploads\/2025\/07\/7-FRZ-ATON-HOME-PISCINA-300x169.jpg 300w, https:\/\/franzolin.eng.br\/wp-content\/uploads\/2025\/07\/7-FRZ-ATON-HOME-PISCINA-768x432.jpg 768w, https:\/\/franzolin.eng.br\/wp-content\/uploads\/2025\/07\/7-FRZ-ATON-HOME-PISCINA-1536x864.jpg 1536w, https:\/\/franzolin.eng.br\/wp-content\/uploads\/2025\/07\/7-FRZ-ATON-HOME-PISCINA-2048x1152.jpg 2048w\" sizes=\"(max-width: 1024px) 100vw, 1024px\" \/>\t\t\t\t\t\t\t<\/a>\n\t\t\t\t\t\t<\/div>\n\t\t\t\t\t\t<div class=\"post-image-mask\">\n\t\t\t\t\t\t\t<span><\/span>\n\t\t\t\t\t\t<\/div>\n\t\t\t\t\t\t\t\t\t<\/figure>\n\t\t\t\n\t\t\t\t\t\t<div class=\"wd-post-date wd-style-with-bg\">\n\t\t\t\t<span class=\"post-date-day\">\n\t\t\t\t\t01\t\t\t\t<\/span>\n\t\t\t\t<span class=\"post-date-month\">\n\t\t\t\t\tjul\t\t\t\t<\/span>\n\t\t\t<\/div>\n\t\t\t\t<\/header>\n\n\t\t<div class=\"article-body-container\">\n\t\t\t\t\t\t\t<div class=\"meta-categories-wrapp\">\n\t\t\t\t\t<div class=\"meta-post-categories wd-post-cat wd-style-with-bg\">\n\t\t\t\t\t\t<a href=\"https:\/\/franzolin.eng.br\/category\/arquitetura-lifestyle\/\" rel=\"category tag\">Arquitetura &amp; Lifestyle<\/a>\t\t\t\t\t<\/div>\n\t\t\t\t<\/div>\n\t\t\t\n\t\t\t\t\t\t\t<h3 class=\"wd-entities-title title post-title\">\n\t\t\t\t\t<a href=\"https:\/\/franzolin.eng.br\/o-que-e-rooftop-conheca-o-espaco-comum-em-empreendimentos-de-alto-padrao\/\" rel=\"bookmark\">O que \u00e9 rooftop? Conhe\u00e7a o espa\u00e7o comum em empreendimentos de alto padr\u00e3o<\/a>\n\t\t\t\t<\/h3>\n\t\t\t\n\t\t\t\t\t\t\t<div class=\"entry-meta wd-entry-meta\">\n\t\t\t\t\t\t\t\t<ul class=\"entry-meta-list\">\n\t\t\t\t\t\t\t\t\t<li class=\"modified-date\">\n\t\t\t\t\t\t\t\t<time class=\"updated\" datetime=\"2025-07-01T09:49:36-03:00\">\n\t\t\t1 de julho de 2025\t\t<\/time>\n\t\t\t\t\t\t\t<\/li>\n\n\t\t\t\t\t\n\t\t\t\t\t\t\t\t\t\t\t<li class=\"meta-author\">\n\t\t\t\t\t\t\t\t\t\t\t\t<span>By<\/span>\n\t\t\n\t\t\t\t\t<img alt='author-avatar' src='https:\/\/secure.gravatar.com\/avatar\/1417bfe828ec9d1d27aa27b23d89291e12ce21771b97938dbee560a0ce49fa1b?s=32&#038;d=mm&#038;r=g' srcset='https:\/\/secure.gravatar.com\/avatar\/1417bfe828ec9d1d27aa27b23d89291e12ce21771b97938dbee560a0ce49fa1b?s=64&#038;d=mm&#038;r=g 2x' class='avatar avatar-32 photo' height='32' width='32' decoding='async'\/>\t\t\n\t\t<a href=\"https:\/\/franzolin.eng.br\/author\/admin\/\" class=\"author\" rel=\"author\">admin<\/a>\n\t\t\t\t\t\t\t\t<\/li>\n\t\t\t\t\t\n\t\t\t\t\t\n\t\t\t\t\t\t\t\t\t\t\t<li class=\"meta-reply\">\n\t\t\t\t\t\t\t<a href=\"https:\/\/franzolin.eng.br\/o-que-e-rooftop-conheca-o-espaco-comum-em-empreendimentos-de-alto-padrao\/#respond\"><span class=\"replies-count\">0<\/span> <span class=\"replies-count-label\">comments<\/span><\/a>\t\t\t\t\t\t<\/li>\n\t\t\t\t\t\t\t\t\t\t\t\t<\/ul>\n\t\t\t\t\t\t<\/div>\n\t\t\t\t\t\t\t\n\t\t\t\t\t\t\t\t\t\t\t\t<div class=\"entry-content wd-post-desc\">\n\t\t\t\t\t\tRooftop \u00e9 o espa\u00e7o no topo de um edif\u00edcio projetado para uso funcional ou social, transformando a cobertura em \u00e1rea acess\u00edvel e planeja...\t\t\t\t\t<\/div>\n\t\t\t\t\n\t\t\t\t\t\t\t\t\t\t\t\t\t\t<p class=\"read-more-section\">\n\t\t\t\t\t\t<a class=\"btn-read-more more-link\" href=\"https:\/\/franzolin.eng.br\/o-que-e-rooftop-conheca-o-espaco-comum-em-empreendimentos-de-alto-padrao\/\">Continue reading<\/a>\t\t\t\t\t<\/p>\n\t\t\t\t\t\t\t\t\t\t\t\t\t<\/div>\n\t<\/div>\n<\/article>\n\n\t\t\t\t\t\t\t\t\t\t\t\n<article id=\"post-13118\" class=\"wd-post blog-design-chess blog-post-loop blog-design-small-images blog-style-bg wd-add-shadow wd-col post-13118 post type-post status-publish format-standard has-post-thumbnail hentry category-arquitetura-lifestyle\">\n\t<div class=\"article-inner\">\n\t\t<header class=\"entry-header\">\n\t\t\t\t\t\t\t<figure class=\"entry-thumbnail\">\n\t\t\t\t\t\t\t\t\t\t\t<div class=\"post-img-wrapp\">\n\t\t\t\t\t\t\t<a href=\"https:\/\/franzolin.eng.br\/quais-sao-os-tipos-de-iluminacao-em-apartamentos\/\">\n\t\t\t\t\t\t\t\t<img width=\"1024\" height=\"576\" src=\"https:\/\/franzolin.eng.br\/wp-content\/uploads\/2025\/06\/423_INT16_VARANDA-TIPO-A_HR-1024x576.jpg\" class=\"attachment-large size-large\" alt=\"\" decoding=\"async\" srcset=\"https:\/\/franzolin.eng.br\/wp-content\/uploads\/2025\/06\/423_INT16_VARANDA-TIPO-A_HR-1024x576.jpg 1024w, https:\/\/franzolin.eng.br\/wp-content\/uploads\/2025\/06\/423_INT16_VARANDA-TIPO-A_HR-300x169.jpg 300w, https:\/\/franzolin.eng.br\/wp-content\/uploads\/2025\/06\/423_INT16_VARANDA-TIPO-A_HR-768x432.jpg 768w, https:\/\/franzolin.eng.br\/wp-content\/uploads\/2025\/06\/423_INT16_VARANDA-TIPO-A_HR-1536x864.jpg 1536w, https:\/\/franzolin.eng.br\/wp-content\/uploads\/2025\/06\/423_INT16_VARANDA-TIPO-A_HR-2048x1152.jpg 2048w\" sizes=\"(max-width: 1024px) 100vw, 1024px\" \/>\t\t\t\t\t\t\t<\/a>\n\t\t\t\t\t\t<\/div>\n\t\t\t\t\t\t<div class=\"post-image-mask\">\n\t\t\t\t\t\t\t<span><\/span>\n\t\t\t\t\t\t<\/div>\n\t\t\t\t\t\t\t\t\t<\/figure>\n\t\t\t\n\t\t\t\t\t\t<div class=\"wd-post-date wd-style-with-bg\">\n\t\t\t\t<span class=\"post-date-day\">\n\t\t\t\t\t23\t\t\t\t<\/span>\n\t\t\t\t<span class=\"post-date-month\">\n\t\t\t\t\tjun\t\t\t\t<\/span>\n\t\t\t<\/div>\n\t\t\t\t<\/header>\n\n\t\t<div class=\"article-body-container\">\n\t\t\t\t\t\t\t<div class=\"meta-categories-wrapp\">\n\t\t\t\t\t<div class=\"meta-post-categories wd-post-cat wd-style-with-bg\">\n\t\t\t\t\t\t<a href=\"https:\/\/franzolin.eng.br\/category\/arquitetura-lifestyle\/\" rel=\"category tag\">Arquitetura &amp; Lifestyle<\/a>\t\t\t\t\t<\/div>\n\t\t\t\t<\/div>\n\t\t\t\n\t\t\t\t\t\t\t<h3 class=\"wd-entities-title title post-title\">\n\t\t\t\t\t<a href=\"https:\/\/franzolin.eng.br\/quais-sao-os-tipos-de-iluminacao-em-apartamentos\/\" rel=\"bookmark\">Quais s\u00e3o os tipos de ilumina\u00e7\u00e3o em apartamentos?<\/a>\n\t\t\t\t<\/h3>\n\t\t\t\n\t\t\t\t\t\t\t<div class=\"entry-meta wd-entry-meta\">\n\t\t\t\t\t\t\t\t<ul class=\"entry-meta-list\">\n\t\t\t\t\t\t\t\t\t<li class=\"modified-date\">\n\t\t\t\t\t\t\t\t<time class=\"updated\" datetime=\"2025-06-23T12:24:51-03:00\">\n\t\t\t23 de junho de 2025\t\t<\/time>\n\t\t\t\t\t\t\t<\/li>\n\n\t\t\t\t\t\n\t\t\t\t\t\t\t\t\t\t\t<li class=\"meta-author\">\n\t\t\t\t\t\t\t\t\t\t\t\t<span>By<\/span>\n\t\t\n\t\t\t\t\t<img alt='author-avatar' src='https:\/\/secure.gravatar.com\/avatar\/1417bfe828ec9d1d27aa27b23d89291e12ce21771b97938dbee560a0ce49fa1b?s=32&#038;d=mm&#038;r=g' srcset='https:\/\/secure.gravatar.com\/avatar\/1417bfe828ec9d1d27aa27b23d89291e12ce21771b97938dbee560a0ce49fa1b?s=64&#038;d=mm&#038;r=g 2x' class='avatar avatar-32 photo' height='32' width='32' decoding='async'\/>\t\t\n\t\t<a href=\"https:\/\/franzolin.eng.br\/author\/admin\/\" class=\"author\" rel=\"author\">admin<\/a>\n\t\t\t\t\t\t\t\t<\/li>\n\t\t\t\t\t\n\t\t\t\t\t\n\t\t\t\t\t\t\t\t\t\t\t<li class=\"meta-reply\">\n\t\t\t\t\t\t\t<a href=\"https:\/\/franzolin.eng.br\/quais-sao-os-tipos-de-iluminacao-em-apartamentos\/#respond\"><span class=\"replies-count\">0<\/span> <span class=\"replies-count-label\">comments<\/span><\/a>\t\t\t\t\t\t<\/li>\n\t\t\t\t\t\t\t\t\t\t\t\t<\/ul>\n\t\t\t\t\t\t<\/div>\n\t\t\t\t\t\t\t\n\t\t\t\t\t\t\t\t\t\t\t\t<div class=\"entry-content wd-post-desc\">\n\t\t\t\t\t\tA ilumina\u00e7\u00e3o em apartamentos influencia diretamente a funcionalidade dos espa\u00e7os, o conforto visual e a organiza\u00e7\u00e3o dos ambientes. Exis...\t\t\t\t\t<\/div>\n\t\t\t\t\n\t\t\t\t\t\t\t\t\t\t\t\t\t\t<p class=\"read-more-section\">\n\t\t\t\t\t\t<a class=\"btn-read-more more-link\" href=\"https:\/\/franzolin.eng.br\/quais-sao-os-tipos-de-iluminacao-em-apartamentos\/\">Continue reading<\/a>\t\t\t\t\t<\/p>\n\t\t\t\t\t\t\t\t\t\t\t\t\t<\/div>\n\t<\/div>\n<\/article>\n\n\t\t\t\t\t\t\t\t\t\t\t\n<article id=\"post-13103\" class=\"wd-post blog-design-chess blog-post-loop blog-design-small-images blog-style-bg wd-add-shadow wd-col post-13103 post type-post status-publish format-standard has-post-thumbnail hentry category-arquitetura-lifestyle tag-decoracao\">\n\t<div class=\"article-inner\">\n\t\t<header class=\"entry-header\">\n\t\t\t\t\t\t\t<figure class=\"entry-thumbnail\">\n\t\t\t\t\t\t\t\t\t\t\t<div class=\"post-img-wrapp\">\n\t\t\t\t\t\t\t<a href=\"https:\/\/franzolin.eng.br\/como-decorar-um-apartamento-conheca-6-formas-praticas-e-funcionais\/\">\n\t\t\t\t\t\t\t\t<img width=\"1024\" height=\"580\" src=\"https:\/\/franzolin.eng.br\/wp-content\/uploads\/2025\/06\/3-FRZ-ATON-HOME-LIVING-AP-TIPO-4-1024x580.jpg\" class=\"attachment-large size-large\" alt=\"\" decoding=\"async\" srcset=\"https:\/\/franzolin.eng.br\/wp-content\/uploads\/2025\/06\/3-FRZ-ATON-HOME-LIVING-AP-TIPO-4-1024x580.jpg 1024w, https:\/\/franzolin.eng.br\/wp-content\/uploads\/2025\/06\/3-FRZ-ATON-HOME-LIVING-AP-TIPO-4-300x170.jpg 300w, https:\/\/franzolin.eng.br\/wp-content\/uploads\/2025\/06\/3-FRZ-ATON-HOME-LIVING-AP-TIPO-4-768x435.jpg 768w, https:\/\/franzolin.eng.br\/wp-content\/uploads\/2025\/06\/3-FRZ-ATON-HOME-LIVING-AP-TIPO-4-1536x870.jpg 1536w, https:\/\/franzolin.eng.br\/wp-content\/uploads\/2025\/06\/3-FRZ-ATON-HOME-LIVING-AP-TIPO-4-2048x1161.jpg 2048w\" sizes=\"(max-width: 1024px) 100vw, 1024px\" \/>\t\t\t\t\t\t\t<\/a>\n\t\t\t\t\t\t<\/div>\n\t\t\t\t\t\t<div class=\"post-image-mask\">\n\t\t\t\t\t\t\t<span><\/span>\n\t\t\t\t\t\t<\/div>\n\t\t\t\t\t\t\t\t\t<\/figure>\n\t\t\t\n\t\t\t\t\t\t<div class=\"wd-post-date wd-style-with-bg\">\n\t\t\t\t<span class=\"post-date-day\">\n\t\t\t\t\t16\t\t\t\t<\/span>\n\t\t\t\t<span class=\"post-date-month\">\n\t\t\t\t\tjun\t\t\t\t<\/span>\n\t\t\t<\/div>\n\t\t\t\t<\/header>\n\n\t\t<div class=\"article-body-container\">\n\t\t\t\t\t\t\t<div class=\"meta-categories-wrapp\">\n\t\t\t\t\t<div class=\"meta-post-categories wd-post-cat wd-style-with-bg\">\n\t\t\t\t\t\t<a href=\"https:\/\/franzolin.eng.br\/category\/arquitetura-lifestyle\/\" rel=\"category tag\">Arquitetura &amp; Lifestyle<\/a>\t\t\t\t\t<\/div>\n\t\t\t\t<\/div>\n\t\t\t\n\t\t\t\t\t\t\t<h3 class=\"wd-entities-title title post-title\">\n\t\t\t\t\t<a href=\"https:\/\/franzolin.eng.br\/como-decorar-um-apartamento-conheca-6-formas-praticas-e-funcionais\/\" rel=\"bookmark\">Como decorar um apartamento? Conhe\u00e7a 6 formas pr\u00e1ticas e funcionais<\/a>\n\t\t\t\t<\/h3>\n\t\t\t\n\t\t\t\t\t\t\t<div class=\"entry-meta wd-entry-meta\">\n\t\t\t\t\t\t\t\t<ul class=\"entry-meta-list\">\n\t\t\t\t\t\t\t\t\t<li class=\"modified-date\">\n\t\t\t\t\t\t\t\t<time class=\"updated\" datetime=\"2025-06-23T11:31:09-03:00\">\n\t\t\t23 de junho de 2025\t\t<\/time>\n\t\t\t\t\t\t\t<\/li>\n\n\t\t\t\t\t\n\t\t\t\t\t\t\t\t\t\t\t<li class=\"meta-author\">\n\t\t\t\t\t\t\t\t\t\t\t\t<span>By<\/span>\n\t\t\n\t\t\t\t\t<img alt='author-avatar' src='https:\/\/secure.gravatar.com\/avatar\/1417bfe828ec9d1d27aa27b23d89291e12ce21771b97938dbee560a0ce49fa1b?s=32&#038;d=mm&#038;r=g' srcset='https:\/\/secure.gravatar.com\/avatar\/1417bfe828ec9d1d27aa27b23d89291e12ce21771b97938dbee560a0ce49fa1b?s=64&#038;d=mm&#038;r=g 2x' class='avatar avatar-32 photo' height='32' width='32' decoding='async'\/>\t\t\n\t\t<a href=\"https:\/\/franzolin.eng.br\/author\/admin\/\" class=\"author\" rel=\"author\">admin<\/a>\n\t\t\t\t\t\t\t\t<\/li>\n\t\t\t\t\t\n\t\t\t\t\t\n\t\t\t\t\t\t\t\t\t\t\t<li class=\"meta-reply\">\n\t\t\t\t\t\t\t<a href=\"https:\/\/franzolin.eng.br\/como-decorar-um-apartamento-conheca-6-formas-praticas-e-funcionais\/#respond\"><span class=\"replies-count\">0<\/span> <span class=\"replies-count-label\">comments<\/span><\/a>\t\t\t\t\t\t<\/li>\n\t\t\t\t\t\t\t\t\t\t\t\t<\/ul>\n\t\t\t\t\t\t<\/div>\n\t\t\t\t\t\t\t\n\t\t\t\t\t\t\t\t\t\t\t\t<div class=\"entry-content wd-post-desc\">\n\t\t\t\t\t\tDecorar um apartamento \u00e9 uma tarefa que vai al\u00e9m da escolha de cores e objetos decorativos. Envolve decis\u00f5es estrat\u00e9gicas sobre o uso d...\t\t\t\t\t<\/div>\n\t\t\t\t\n\t\t\t\t\t\t\t\t\t\t\t\t\t\t<p class=\"read-more-section\">\n\t\t\t\t\t\t<a class=\"btn-read-more more-link\" href=\"https:\/\/franzolin.eng.br\/como-decorar-um-apartamento-conheca-6-formas-praticas-e-funcionais\/\">Continue reading<\/a>\t\t\t\t\t<\/p>\n\t\t\t\t\t\t\t\t\t\t\t\t\t<\/div>\n\t<\/div>\n<\/article>\n\n\t\t\t\t\t\t\t\t\t\t\t\n<article id=\"post-13094\" class=\"wd-post blog-design-chess blog-post-loop blog-design-small-images blog-style-bg wd-add-shadow wd-col post-13094 post type-post status-publish format-standard has-post-thumbnail hentry category-arquitetura-lifestyle\">\n\t<div class=\"article-inner\">\n\t\t<header class=\"entry-header\">\n\t\t\t\t\t\t\t<figure class=\"entry-thumbnail\">\n\t\t\t\t\t\t\t\t\t\t\t<div class=\"post-img-wrapp\">\n\t\t\t\t\t\t\t<a href=\"https:\/\/franzolin.eng.br\/como-modernizar-seu-apartamento-conheca-tendencias-para-seu-imovel\/\">\n\t\t\t\t\t\t\t\t<img width=\"1024\" height=\"682\" src=\"https:\/\/franzolin.eng.br\/wp-content\/uploads\/2025\/06\/Suite-Master_Ethos_Hall_FRZ-1024x682.jpg\" class=\"attachment-large size-large\" alt=\"\" decoding=\"async\" srcset=\"https:\/\/franzolin.eng.br\/wp-content\/uploads\/2025\/06\/Suite-Master_Ethos_Hall_FRZ-1024x682.jpg 1024w, https:\/\/franzolin.eng.br\/wp-content\/uploads\/2025\/06\/Suite-Master_Ethos_Hall_FRZ-300x200.jpg 300w, https:\/\/franzolin.eng.br\/wp-content\/uploads\/2025\/06\/Suite-Master_Ethos_Hall_FRZ-768x511.jpg 768w, https:\/\/franzolin.eng.br\/wp-content\/uploads\/2025\/06\/Suite-Master_Ethos_Hall_FRZ-1536x1023.jpg 1536w, https:\/\/franzolin.eng.br\/wp-content\/uploads\/2025\/06\/Suite-Master_Ethos_Hall_FRZ-2048x1364.jpg 2048w\" sizes=\"(max-width: 1024px) 100vw, 1024px\" \/>\t\t\t\t\t\t\t<\/a>\n\t\t\t\t\t\t<\/div>\n\t\t\t\t\t\t<div class=\"post-image-mask\">\n\t\t\t\t\t\t\t<span><\/span>\n\t\t\t\t\t\t<\/div>\n\t\t\t\t\t\t\t\t\t<\/figure>\n\t\t\t\n\t\t\t\t\t\t<div class=\"wd-post-date wd-style-with-bg\">\n\t\t\t\t<span class=\"post-date-day\">\n\t\t\t\t\t09\t\t\t\t<\/span>\n\t\t\t\t<span class=\"post-date-month\">\n\t\t\t\t\tjun\t\t\t\t<\/span>\n\t\t\t<\/div>\n\t\t\t\t<\/header>\n\n\t\t<div class=\"article-body-container\">\n\t\t\t\t\t\t\t<div class=\"meta-categories-wrapp\">\n\t\t\t\t\t<div class=\"meta-post-categories wd-post-cat wd-style-with-bg\">\n\t\t\t\t\t\t<a href=\"https:\/\/franzolin.eng.br\/category\/arquitetura-lifestyle\/\" rel=\"category tag\">Arquitetura &amp; Lifestyle<\/a>\t\t\t\t\t<\/div>\n\t\t\t\t<\/div>\n\t\t\t\n\t\t\t\t\t\t\t<h3 class=\"wd-entities-title title post-title\">\n\t\t\t\t\t<a href=\"https:\/\/franzolin.eng.br\/como-modernizar-seu-apartamento-conheca-tendencias-para-seu-imovel\/\" rel=\"bookmark\">Como modernizar seu apartamento? Conhe\u00e7a tend\u00eancias para seu im\u00f3vel<\/a>\n\t\t\t\t<\/h3>\n\t\t\t\n\t\t\t\t\t\t\t<div class=\"entry-meta wd-entry-meta\">\n\t\t\t\t\t\t\t\t<ul class=\"entry-meta-list\">\n\t\t\t\t\t\t\t\t\t<li class=\"modified-date\">\n\t\t\t\t\t\t\t\t<time class=\"updated\" datetime=\"2025-06-23T11:34:38-03:00\">\n\t\t\t23 de junho de 2025\t\t<\/time>\n\t\t\t\t\t\t\t<\/li>\n\n\t\t\t\t\t\n\t\t\t\t\t\t\t\t\t\t\t<li class=\"meta-author\">\n\t\t\t\t\t\t\t\t\t\t\t\t<span>By<\/span>\n\t\t\n\t\t\t\t\t<img alt='author-avatar' src='https:\/\/secure.gravatar.com\/avatar\/1417bfe828ec9d1d27aa27b23d89291e12ce21771b97938dbee560a0ce49fa1b?s=32&#038;d=mm&#038;r=g' srcset='https:\/\/secure.gravatar.com\/avatar\/1417bfe828ec9d1d27aa27b23d89291e12ce21771b97938dbee560a0ce49fa1b?s=64&#038;d=mm&#038;r=g 2x' class='avatar avatar-32 photo' height='32' width='32' decoding='async'\/>\t\t\n\t\t<a href=\"https:\/\/franzolin.eng.br\/author\/admin\/\" class=\"author\" rel=\"author\">admin<\/a>\n\t\t\t\t\t\t\t\t<\/li>\n\t\t\t\t\t\n\t\t\t\t\t\n\t\t\t\t\t\t\t\t\t\t\t<li class=\"meta-reply\">\n\t\t\t\t\t\t\t<a href=\"https:\/\/franzolin.eng.br\/como-modernizar-seu-apartamento-conheca-tendencias-para-seu-imovel\/#respond\"><span class=\"replies-count\">0<\/span> <span class=\"replies-count-label\">comments<\/span><\/a>\t\t\t\t\t\t<\/li>\n\t\t\t\t\t\t\t\t\t\t\t\t<\/ul>\n\t\t\t\t\t\t<\/div>\n\t\t\t\t\t\t\t\n\t\t\t\t\t\t\t\t\t\t\t\t<div class=\"entry-content wd-post-desc\">\n\t\t\t\t\t\tModernizar um apartamento \u00e9 um processo que envolve a atualiza\u00e7\u00e3o do im\u00f3vel para torn\u00e1-lo mais funcional, confort\u00e1vel e alinhado aos pa...\t\t\t\t\t<\/div>\n\t\t\t\t\n\t\t\t\t\t\t\t\t\t\t\t\t\t\t<p class=\"read-more-section\">\n\t\t\t\t\t\t<a class=\"btn-read-more more-link\" href=\"https:\/\/franzolin.eng.br\/como-modernizar-seu-apartamento-conheca-tendencias-para-seu-imovel\/\">Continue reading<\/a>\t\t\t\t\t<\/p>\n\t\t\t\t\t\t\t\t\t\t\t\t\t<\/div>\n\t<\/div>\n<\/article>\n\n\t\t\t\t\t\t\t\t\t\t\t\n<article id=\"post-13084\" class=\"wd-post blog-design-chess blog-post-loop blog-design-small-images blog-style-bg wd-add-shadow wd-col post-13084 post type-post status-publish format-standard has-post-thumbnail hentry category-sem-categoria\">\n\t<div class=\"article-inner\">\n\t\t<header class=\"entry-header\">\n\t\t\t\t\t\t\t<figure class=\"entry-thumbnail\">\n\t\t\t\t\t\t\t\t\t\t\t<div class=\"post-img-wrapp\">\n\t\t\t\t\t\t\t<a href=\"https:\/\/franzolin.eng.br\/automacao-residencial-o-que-e-e-qual-sua-importancia-em-apartamentos\/\">\n\t\t\t\t\t\t\t\t<img width=\"1024\" height=\"683\" src=\"https:\/\/franzolin.eng.br\/wp-content\/uploads\/2025\/06\/jakub-zerdzicki-bk5ZrIA9OU8-unsplash-1024x683.jpg\" class=\"attachment-large size-large\" alt=\"\" decoding=\"async\" srcset=\"https:\/\/franzolin.eng.br\/wp-content\/uploads\/2025\/06\/jakub-zerdzicki-bk5ZrIA9OU8-unsplash-1024x683.jpg 1024w, https:\/\/franzolin.eng.br\/wp-content\/uploads\/2025\/06\/jakub-zerdzicki-bk5ZrIA9OU8-unsplash-300x200.jpg 300w, https:\/\/franzolin.eng.br\/wp-content\/uploads\/2025\/06\/jakub-zerdzicki-bk5ZrIA9OU8-unsplash-768x512.jpg 768w, https:\/\/franzolin.eng.br\/wp-content\/uploads\/2025\/06\/jakub-zerdzicki-bk5ZrIA9OU8-unsplash-1536x1025.jpg 1536w, https:\/\/franzolin.eng.br\/wp-content\/uploads\/2025\/06\/jakub-zerdzicki-bk5ZrIA9OU8-unsplash-2048x1366.jpg 2048w\" sizes=\"(max-width: 1024px) 100vw, 1024px\" \/>\t\t\t\t\t\t\t<\/a>\n\t\t\t\t\t\t<\/div>\n\t\t\t\t\t\t<div class=\"post-image-mask\">\n\t\t\t\t\t\t\t<span><\/span>\n\t\t\t\t\t\t<\/div>\n\t\t\t\t\t\t\t\t\t<\/figure>\n\t\t\t\n\t\t\t\t\t\t<div class=\"wd-post-date wd-style-with-bg\">\n\t\t\t\t<span class=\"post-date-day\">\n\t\t\t\t\t02\t\t\t\t<\/span>\n\t\t\t\t<span class=\"post-date-month\">\n\t\t\t\t\tjun\t\t\t\t<\/span>\n\t\t\t<\/div>\n\t\t\t\t<\/header>\n\n\t\t<div class=\"article-body-container\">\n\t\t\t\t\t\t\t<div class=\"meta-categories-wrapp\">\n\t\t\t\t\t<div class=\"meta-post-categories wd-post-cat wd-style-with-bg\">\n\t\t\t\t\t\t<a href=\"https:\/\/franzolin.eng.br\/category\/sem-categoria\/\" rel=\"category tag\">Sem categoria<\/a>\t\t\t\t\t<\/div>\n\t\t\t\t<\/div>\n\t\t\t\n\t\t\t\t\t\t\t<h3 class=\"wd-entities-title title post-title\">\n\t\t\t\t\t<a href=\"https:\/\/franzolin.eng.br\/automacao-residencial-o-que-e-e-qual-sua-importancia-em-apartamentos\/\" rel=\"bookmark\">Automa\u00e7\u00e3o residencial: o que \u00e9 e qual sua import\u00e2ncia em apartamentos?<\/a>\n\t\t\t\t<\/h3>\n\t\t\t\n\t\t\t\t\t\t\t<div class=\"entry-meta wd-entry-meta\">\n\t\t\t\t\t\t\t\t<ul class=\"entry-meta-list\">\n\t\t\t\t\t\t\t\t\t<li class=\"modified-date\">\n\t\t\t\t\t\t\t\t<time class=\"updated\" datetime=\"2025-06-23T11:37:04-03:00\">\n\t\t\t23 de junho de 2025\t\t<\/time>\n\t\t\t\t\t\t\t<\/li>\n\n\t\t\t\t\t\n\t\t\t\t\t\t\t\t\t\t\t<li class=\"meta-author\">\n\t\t\t\t\t\t\t\t\t\t\t\t<span>By<\/span>\n\t\t\n\t\t\t\t\t<img alt='author-avatar' src='https:\/\/secure.gravatar.com\/avatar\/1417bfe828ec9d1d27aa27b23d89291e12ce21771b97938dbee560a0ce49fa1b?s=32&#038;d=mm&#038;r=g' srcset='https:\/\/secure.gravatar.com\/avatar\/1417bfe828ec9d1d27aa27b23d89291e12ce21771b97938dbee560a0ce49fa1b?s=64&#038;d=mm&#038;r=g 2x' class='avatar avatar-32 photo' height='32' width='32' decoding='async'\/>\t\t\n\t\t<a href=\"https:\/\/franzolin.eng.br\/author\/admin\/\" class=\"author\" rel=\"author\">admin<\/a>\n\t\t\t\t\t\t\t\t<\/li>\n\t\t\t\t\t\n\t\t\t\t\t\n\t\t\t\t\t\t\t\t\t\t\t<li class=\"meta-reply\">\n\t\t\t\t\t\t\t<a href=\"https:\/\/franzolin.eng.br\/automacao-residencial-o-que-e-e-qual-sua-importancia-em-apartamentos\/#respond\"><span class=\"replies-count\">0<\/span> <span class=\"replies-count-label\">comments<\/span><\/a>\t\t\t\t\t\t<\/li>\n\t\t\t\t\t\t\t\t\t\t\t\t<\/ul>\n\t\t\t\t\t\t<\/div>\n\t\t\t\t\t\t\t\n\t\t\t\t\t\t\t\t\t\t\t\t<div class=\"entry-content wd-post-desc\">\n\t\t\t\t\t\tA automa\u00e7\u00e3o residencial tem ganhado espa\u00e7o nos empreendimentos imobili\u00e1rios de alto padr\u00e3o, oferecendo solu\u00e7\u00f5es tecnol\u00f3gicas que facili...\t\t\t\t\t<\/div>\n\t\t\t\t\n\t\t\t\t\t\t\t\t\t\t\t\t\t\t<p class=\"read-more-section\">\n\t\t\t\t\t\t<a class=\"btn-read-more more-link\" href=\"https:\/\/franzolin.eng.br\/automacao-residencial-o-que-e-e-qual-sua-importancia-em-apartamentos\/\">Continue reading<\/a>\t\t\t\t\t<\/p>\n\t\t\t\t\t\t\t\t\t\t\t\t\t<\/div>\n\t<\/div>\n<\/article>\n\n\t\t\t\t\t\t\t\t\t\t\t\n<article id=\"post-13072\" class=\"wd-post blog-design-chess blog-post-loop blog-design-small-images blog-style-bg wd-add-shadow wd-col post-13072 post type-post status-publish format-standard has-post-thumbnail hentry category-mercado-imobiliario tag-alto-padrao tag-apartamentos\">\n\t<div class=\"article-inner\">\n\t\t<header class=\"entry-header\">\n\t\t\t\t\t\t\t<figure class=\"entry-thumbnail\">\n\t\t\t\t\t\t\t\t\t\t\t<div class=\"post-img-wrapp\">\n\t\t\t\t\t\t\t<a href=\"https:\/\/franzolin.eng.br\/o-que-e-um-apartamento-de-alto-padrao-saiba-as-diferencas-desse-tipo-de-imovel\/\">\n\t\t\t\t\t\t\t\t<img width=\"1024\" height=\"576\" src=\"https:\/\/franzolin.eng.br\/wp-content\/uploads\/2025\/05\/571_INT10_TIPO_02_ESTAR_T1-1024x576.jpg\" class=\"attachment-large size-large\" alt=\"\" decoding=\"async\" srcset=\"https:\/\/franzolin.eng.br\/wp-content\/uploads\/2025\/05\/571_INT10_TIPO_02_ESTAR_T1-1024x576.jpg 1024w, https:\/\/franzolin.eng.br\/wp-content\/uploads\/2025\/05\/571_INT10_TIPO_02_ESTAR_T1-300x169.jpg 300w, https:\/\/franzolin.eng.br\/wp-content\/uploads\/2025\/05\/571_INT10_TIPO_02_ESTAR_T1-768x432.jpg 768w, https:\/\/franzolin.eng.br\/wp-content\/uploads\/2025\/05\/571_INT10_TIPO_02_ESTAR_T1-1536x864.jpg 1536w, https:\/\/franzolin.eng.br\/wp-content\/uploads\/2025\/05\/571_INT10_TIPO_02_ESTAR_T1-2048x1152.jpg 2048w\" sizes=\"(max-width: 1024px) 100vw, 1024px\" \/>\t\t\t\t\t\t\t<\/a>\n\t\t\t\t\t\t<\/div>\n\t\t\t\t\t\t<div class=\"post-image-mask\">\n\t\t\t\t\t\t\t<span><\/span>\n\t\t\t\t\t\t<\/div>\n\t\t\t\t\t\t\t\t\t<\/figure>\n\t\t\t\n\t\t\t\t\t\t<div class=\"wd-post-date wd-style-with-bg\">\n\t\t\t\t<span class=\"post-date-day\">\n\t\t\t\t\t26\t\t\t\t<\/span>\n\t\t\t\t<span class=\"post-date-month\">\n\t\t\t\t\tmaio\t\t\t\t<\/span>\n\t\t\t<\/div>\n\t\t\t\t<\/header>\n\n\t\t<div class=\"article-body-container\">\n\t\t\t\t\t\t\t<div class=\"meta-categories-wrapp\">\n\t\t\t\t\t<div class=\"meta-post-categories wd-post-cat wd-style-with-bg\">\n\t\t\t\t\t\t<a href=\"https:\/\/franzolin.eng.br\/category\/mercado-imobiliario\/\" rel=\"category tag\">Mercado imobili\u00e1rio<\/a>\t\t\t\t\t<\/div>\n\t\t\t\t<\/div>\n\t\t\t\n\t\t\t\t\t\t\t<h3 class=\"wd-entities-title title post-title\">\n\t\t\t\t\t<a href=\"https:\/\/franzolin.eng.br\/o-que-e-um-apartamento-de-alto-padrao-saiba-as-diferencas-desse-tipo-de-imovel\/\" rel=\"bookmark\">O que \u00e9 um apartamento de alto padr\u00e3o? Saiba as diferen\u00e7as desse tipo de im\u00f3vel<\/a>\n\t\t\t\t<\/h3>\n\t\t\t\n\t\t\t\t\t\t\t<div class=\"entry-meta wd-entry-meta\">\n\t\t\t\t\t\t\t\t<ul class=\"entry-meta-list\">\n\t\t\t\t\t\t\t\t\t<li class=\"modified-date\">\n\t\t\t\t\t\t\t\t<time class=\"updated\" datetime=\"2025-05-26T10:33:58-03:00\">\n\t\t\t26 de maio de 2025\t\t<\/time>\n\t\t\t\t\t\t\t<\/li>\n\n\t\t\t\t\t\n\t\t\t\t\t\t\t\t\t\t\t<li class=\"meta-author\">\n\t\t\t\t\t\t\t\t\t\t\t\t<span>By<\/span>\n\t\t\n\t\t\t\t\t<img alt='author-avatar' src='https:\/\/secure.gravatar.com\/avatar\/1417bfe828ec9d1d27aa27b23d89291e12ce21771b97938dbee560a0ce49fa1b?s=32&#038;d=mm&#038;r=g' srcset='https:\/\/secure.gravatar.com\/avatar\/1417bfe828ec9d1d27aa27b23d89291e12ce21771b97938dbee560a0ce49fa1b?s=64&#038;d=mm&#038;r=g 2x' class='avatar avatar-32 photo' height='32' width='32' decoding='async'\/>\t\t\n\t\t<a href=\"https:\/\/franzolin.eng.br\/author\/admin\/\" class=\"author\" rel=\"author\">admin<\/a>\n\t\t\t\t\t\t\t\t<\/li>\n\t\t\t\t\t\n\t\t\t\t\t\n\t\t\t\t\t\t\t\t\t\t\t<li class=\"meta-reply\">\n\t\t\t\t\t\t\t<a href=\"https:\/\/franzolin.eng.br\/o-que-e-um-apartamento-de-alto-padrao-saiba-as-diferencas-desse-tipo-de-imovel\/#respond\"><span class=\"replies-count\">0<\/span> <span class=\"replies-count-label\">comments<\/span><\/a>\t\t\t\t\t\t<\/li>\n\t\t\t\t\t\t\t\t\t\t\t\t<\/ul>\n\t\t\t\t\t\t<\/div>\n\t\t\t\t\t\t\t\n\t\t\t\t\t\t\t\t\t\t\t\t<div class=\"entry-content wd-post-desc\">\n\t\t\t\t\t\tPara adquirir um apartamento de alto padr\u00e3o \u00e9 preciso compreender os crit\u00e9rios que definem esse tipo de im\u00f3vel. Diferentemente dos empr...\t\t\t\t\t<\/div>\n\t\t\t\t\n\t\t\t\t\t\t\t\t\t\t\t\t\t\t<p class=\"read-more-section\">\n\t\t\t\t\t\t<a class=\"btn-read-more more-link\" href=\"https:\/\/franzolin.eng.br\/o-que-e-um-apartamento-de-alto-padrao-saiba-as-diferencas-desse-tipo-de-imovel\/\">Continue reading<\/a>\t\t\t\t\t<\/p>\n\t\t\t\t\t\t\t\t\t\t\t\t\t<\/div>\n\t<\/div>\n<\/article>\n\n\t\t\t\t\t\t\t\t\t\t\t\n<article id=\"post-13067\" class=\"wd-post blog-design-chess blog-post-loop blog-design-small-images blog-style-bg wd-add-shadow wd-col post-13067 post type-post status-publish format-standard has-post-thumbnail hentry category-mercado-imobiliario tag-financiamento-de-imovel\">\n\t<div class=\"article-inner\">\n\t\t<header class=\"entry-header\">\n\t\t\t\t\t\t\t<figure class=\"entry-thumbnail\">\n\t\t\t\t\t\t\t\t\t\t\t<div class=\"post-img-wrapp\">\n\t\t\t\t\t\t\t<a href=\"https:\/\/franzolin.eng.br\/amortizacao-de-financiamento-o-que-e-para-que-serve-e-como-funciona\/\">\n\t\t\t\t\t\t\t\t<img width=\"1024\" height=\"683\" src=\"https:\/\/franzolin.eng.br\/wp-content\/uploads\/2025\/05\/amortizacao-financiamento-capa-1024x683.jpg\" class=\"attachment-large size-large\" alt=\"\" decoding=\"async\" srcset=\"https:\/\/franzolin.eng.br\/wp-content\/uploads\/2025\/05\/amortizacao-financiamento-capa-1024x683.jpg 1024w, https:\/\/franzolin.eng.br\/wp-content\/uploads\/2025\/05\/amortizacao-financiamento-capa-300x200.jpg 300w, https:\/\/franzolin.eng.br\/wp-content\/uploads\/2025\/05\/amortizacao-financiamento-capa-768x512.jpg 768w, https:\/\/franzolin.eng.br\/wp-content\/uploads\/2025\/05\/amortizacao-financiamento-capa-1536x1025.jpg 1536w, https:\/\/franzolin.eng.br\/wp-content\/uploads\/2025\/05\/amortizacao-financiamento-capa-2048x1366.jpg 2048w\" sizes=\"(max-width: 1024px) 100vw, 1024px\" \/>\t\t\t\t\t\t\t<\/a>\n\t\t\t\t\t\t<\/div>\n\t\t\t\t\t\t<div class=\"post-image-mask\">\n\t\t\t\t\t\t\t<span><\/span>\n\t\t\t\t\t\t<\/div>\n\t\t\t\t\t\t\t\t\t<\/figure>\n\t\t\t\n\t\t\t\t\t\t<div class=\"wd-post-date wd-style-with-bg\">\n\t\t\t\t<span class=\"post-date-day\">\n\t\t\t\t\t16\t\t\t\t<\/span>\n\t\t\t\t<span class=\"post-date-month\">\n\t\t\t\t\tmaio\t\t\t\t<\/span>\n\t\t\t<\/div>\n\t\t\t\t<\/header>\n\n\t\t<div class=\"article-body-container\">\n\t\t\t\t\t\t\t<div class=\"meta-categories-wrapp\">\n\t\t\t\t\t<div class=\"meta-post-categories wd-post-cat wd-style-with-bg\">\n\t\t\t\t\t\t<a href=\"https:\/\/franzolin.eng.br\/category\/mercado-imobiliario\/\" rel=\"category tag\">Mercado imobili\u00e1rio<\/a>\t\t\t\t\t<\/div>\n\t\t\t\t<\/div>\n\t\t\t\n\t\t\t\t\t\t\t<h3 class=\"wd-entities-title title post-title\">\n\t\t\t\t\t<a href=\"https:\/\/franzolin.eng.br\/amortizacao-de-financiamento-o-que-e-para-que-serve-e-como-funciona\/\" rel=\"bookmark\">Amortiza\u00e7\u00e3o de financiamento: o que \u00e9, para que serve e como funciona<\/a>\n\t\t\t\t<\/h3>\n\t\t\t\n\t\t\t\t\t\t\t<div class=\"entry-meta wd-entry-meta\">\n\t\t\t\t\t\t\t\t<ul class=\"entry-meta-list\">\n\t\t\t\t\t\t\t\t\t<li class=\"modified-date\">\n\t\t\t\t\t\t\t\t<time class=\"updated\" datetime=\"2025-05-28T09:29:25-03:00\">\n\t\t\t28 de maio de 2025\t\t<\/time>\n\t\t\t\t\t\t\t<\/li>\n\n\t\t\t\t\t\n\t\t\t\t\t\t\t\t\t\t\t<li class=\"meta-author\">\n\t\t\t\t\t\t\t\t\t\t\t\t<span>By<\/span>\n\t\t\n\t\t\t\t\t<img alt='author-avatar' src='https:\/\/secure.gravatar.com\/avatar\/1417bfe828ec9d1d27aa27b23d89291e12ce21771b97938dbee560a0ce49fa1b?s=32&#038;d=mm&#038;r=g' srcset='https:\/\/secure.gravatar.com\/avatar\/1417bfe828ec9d1d27aa27b23d89291e12ce21771b97938dbee560a0ce49fa1b?s=64&#038;d=mm&#038;r=g 2x' class='avatar avatar-32 photo' height='32' width='32' decoding='async'\/>\t\t\n\t\t<a href=\"https:\/\/franzolin.eng.br\/author\/admin\/\" class=\"author\" rel=\"author\">admin<\/a>\n\t\t\t\t\t\t\t\t<\/li>\n\t\t\t\t\t\n\t\t\t\t\t\n\t\t\t\t\t\t\t\t\t\t\t<li class=\"meta-reply\">\n\t\t\t\t\t\t\t<a href=\"https:\/\/franzolin.eng.br\/amortizacao-de-financiamento-o-que-e-para-que-serve-e-como-funciona\/#respond\"><span class=\"replies-count\">0<\/span> <span class=\"replies-count-label\">comments<\/span><\/a>\t\t\t\t\t\t<\/li>\n\t\t\t\t\t\t\t\t\t\t\t\t<\/ul>\n\t\t\t\t\t\t<\/div>\n\t\t\t\t\t\t\t\n\t\t\t\t\t\t\t\t\t\t\t\t<div class=\"entry-content wd-post-desc\">\n\t\t\t\t\t\tA amortiza\u00e7\u00e3o \u00e9 a quita\u00e7\u00e3o progressiva do valor financiado ao longo do tempo. Em cada parcela, parte do pagamento reduz a d\u00edvida princi...\t\t\t\t\t<\/div>\n\t\t\t\t\n\t\t\t\t\t\t\t\t\t\t\t\t\t\t<p class=\"read-more-section\">\n\t\t\t\t\t\t<a class=\"btn-read-more more-link\" href=\"https:\/\/franzolin.eng.br\/amortizacao-de-financiamento-o-que-e-para-que-serve-e-como-funciona\/\">Continue reading<\/a>\t\t\t\t\t<\/p>\n\t\t\t\t\t\t\t\t\t\t\t\t\t<\/div>\n\t<\/div>\n<\/article>\n\n\t\t\t\t\t\n\t\t\t\t\t","status":"have-posts","nextPage":"https:\/\/franzolin.eng.br\/author\/admin\/page\/6\/?woo_ajax=1","currentPage":"https:\/\/franzolin.eng.br\/author\/admin\/page\/5"}